{"id":362,"date":"2026-03-20T08:02:36","date_gmt":"2026-03-20T07:02:36","guid":{"rendered":"https:\/\/apima.colegiosantamonica.eu\/?p=362"},"modified":"2026-03-20T08:02:36","modified_gmt":"2026-03-20T07:02:36","slug":"taller-decoracion-pascua","status":"publish","type":"post","link":"https:\/\/apima.colegiosantamonica.eu\/index.php\/2026\/03\/20\/taller-decoracion-pascua\/","title":{"rendered":"Taller decoraci\u00f3n Pascua"},"content":{"rendered":"<p>[et_pb_section fb_built=\u00bb1&#8243; theme_builder_area=\u00bbpost_content\u00bb _builder_version=\u00bb4.27.4&#8243; _module_preset=\u00bbdefault\u00bb][et_pb_row _builder_version=\u00bb4.27.4&#8243; _module_preset=\u00bbdefault\u00bb column_structure=\u00bb1_2,1_2&#8243; theme_builder_area=\u00bbpost_content\u00bb][et_pb_column _builder_version=\u00bb4.27.4&#8243; _module_preset=\u00bbdefault\u00bb type=\u00bb1_2&#8243; theme_builder_area=\u00bbpost_content\u00bb][et_pb_text _builder_version=\u00bb4.27.4&#8243; _module_preset=\u00bbdefault\u00bb theme_builder_area=\u00bbpost_content\u00bb hover_enabled=\u00bb0&#8243; sticky_enabled=\u00bb0&#8243;]<\/p>\n<p>Bienvenidos otra vez al taller de decoraci\u00f3n de Pascua, este es un espacio donde la creatividad y la diversi\u00f3n se unen para ofrecer a <a href=\"mailto:nuestr@s\">nuestr@s<\/a> peque\u00f1@s un experiencia inolvidable.<\/p>\n<p>La actividad esta dise\u00f1ada para fomentar la imaginaci\u00f3n y el aprendizaje a trav\u00e9s de la pintura.<\/p>\n<p>Nos hace mucha ilusi\u00f3n compartir momentos llenos de risas, manualidades y sorpresas que har\u00e1n de esta experiencia una aventura \u00fanica.<\/p>\n<p>\u00a1Preparaos para disfrutarde un taller lleno de magia!<\/p>\n<p>Este taller esta dedicadoa ni\u00f1@s de 5 a\u00f1os en adelante.<\/p>\n<p>Nos vemos el pr\u00f3ximo sabado 28 de marzo a partir de las 10:00h en la cafeter\u00eda del poli.<\/p>\n<p>Puedes rellenar tu inscripci\u00f3n en el enlace que aparece abajo.<\/p>\n<p>Comienza la diversi\u00f3n.<\/p>\n<p>&nbsp;<\/p>\n<p>[\/et_pb_text][et_pb_button button_text=\u00bbhttps:\/\/forms.gle\/14cUj4udnGYeqVfK8&#8243; _builder_version=\u00bb4.27.4&#8243; _module_preset=\u00bbdefault\u00bb theme_builder_area=\u00bbpost_content\u00bb button_url=\u00bbhttps:\/\/forms.gle\/14cUj4udnGYeqVfK8&#8243; hover_enabled=\u00bb0&#8243; sticky_enabled=\u00bb0&#8243;][\/et_pb_button][\/et_pb_column][et_pb_column _builder_version=\u00bb4.27.4&#8243; _module_preset=\u00bbdefault\u00bb type=\u00bb1_2&#8243; theme_builder_area=\u00bbpost_content\u00bb][et_pb_image src=\u00bbhttps:\/\/apima.colegiosantamonica.eu\/wp-content\/uploads\/2026\/03\/2026-taller-pascua-1-scaled.jpg\u00bb _builder_version=\u00bb4.27.4&#8243; _module_preset=\u00bbdefault\u00bb theme_builder_area=\u00bbpost_content\u00bb title_text=\u00bb2026- taller pascua\u00bb hover_enabled=\u00bb0&#8243; sticky_enabled=\u00bb0&#8243;][\/et_pb_image][\/et_pb_column][\/et_pb_row][\/et_pb_section]<\/p>\n","protected":false},"excerpt":{"rendered":"<p>Bienvenidos otra vez al taller de decoraci\u00f3n de Pascua, este es un espacio donde la creatividad y la diversi\u00f3n se unen para ofrecer a nuestr@s peque\u00f1@s un experiencia inolvidable. La actividad esta dise\u00f1ada para fomentar la imaginaci\u00f3n y el aprendizaje a trav\u00e9s de la pintura. Nos hace mucha ilusi\u00f3n compartir momentos llenos de risas, manualidades [&hellip;]<\/p>\n","protected":false},"author":2,"featured_media":348,"comment_status":"open","ping_status":"open","sticky":false,"template":"","format":"standard","meta":{"_et_pb_use_builder":"on","_et_pb_old_content":"","_et_gb_content_width":"","footnotes":""},"categories":[1],"tags":[],"class_list":["post-362","post","type-post","status-publish","format-standard","has-post-thumbnail","hentry","category-uncategorized"],"_links":{"self":[{"href":"https:\/\/apima.colegiosantamonica.eu\/index.php\/wp-json\/wp\/v2\/posts\/362","targetHints":{"allow":["GET"]}}],"collection":[{"href":"https:\/\/apima.colegiosantamonica.eu\/index.php\/wp-json\/wp\/v2\/posts"}],"about":[{"href":"https:\/\/apima.colegiosantamonica.eu\/index.php\/wp-json\/wp\/v2\/types\/post"}],"author":[{"embeddable":true,"href":"https:\/\/apima.colegiosantamonica.eu\/index.php\/wp-json\/wp\/v2\/users\/2"}],"replies":[{"embeddable":true,"href":"https:\/\/apima.colegiosantamonica.eu\/index.php\/wp-json\/wp\/v2\/comments?post=362"}],"version-history":[{"count":3,"href":"https:\/\/apima.colegiosantamonica.eu\/index.php\/wp-json\/wp\/v2\/posts\/362\/revisions"}],"predecessor-version":[{"id":366,"href":"https:\/\/apima.colegiosantamonica.eu\/index.php\/wp-json\/wp\/v2\/posts\/362\/revisions\/366"}],"wp:featuredmedia":[{"embeddable":true,"href":"https:\/\/apima.colegiosantamonica.eu\/index.php\/wp-json\/wp\/v2\/media\/348"}],"wp:attachment":[{"href":"https:\/\/apima.colegiosantamonica.eu\/index.php\/wp-json\/wp\/v2\/media?parent=362"}],"wp:term":[{"taxonomy":"category","embeddable":true,"href":"https:\/\/apima.colegiosantamonica.eu\/index.php\/wp-json\/wp\/v2\/categories?post=362"},{"taxonomy":"post_tag","embeddable":true,"href":"https:\/\/apima.colegiosantamonica.eu\/index.php\/wp-json\/wp\/v2\/tags?post=362"}],"curies":[{"name":"wp","href":"https:\/\/api.w.org\/{rel}","templated":true}]}}